{"id":2939,"date":"2020-06-15T11:16:48","date_gmt":"2020-06-15T09:16:48","guid":{"rendered":"https:\/\/urban.one\/blog\/?p=2939"},"modified":"2020-06-18T19:04:53","modified_gmt":"2020-06-18T17:04:53","slug":"mieszkania-socjalne-kompleksowy-poradnik-dla-kogo-jakie-warunki-wniosek","status":"publish","type":"post","link":"https:\/\/urban.one\/blog\/mieszkania-socjalne-kompleksowy-poradnik-dla-kogo-jakie-warunki-wniosek\/","title":{"rendered":"Mieszkania socjalne. Kompleksowy poradnik"},"content":{"rendered":"\n<p class=\"dropcap\"><strong>Osoby ubogie maj\u0105 prawo zabiega\u0107 o przydzia\u0142 lokalu socjalnego na bardzo preferencyjnych warunkach. Przeczytaj artyku\u0142, aby dowiedzie\u0107 si\u0119, jak to zrobi\u0107<\/strong> <strong>i otrzyma\u0107 mieszkanie socjalne.<\/strong><\/p>\n\n\n\n<p>W du\u017cym uproszczeniu na mieszkanie socjalne mog\u0105 liczy\u0107 bezdomni lub osoby ubogie. Lokale przydzielane s\u0105 w ramach pomocy publicznej, uregulowanej ustaw\u0105 o ochronie praw lokator\u00f3w, mieszkaniowym zasobie gminy i o zmianie Kodeku cywilnego. Rozpatrywaniem wniosk\u00f3w zajmuj\u0105 si\u0119 gminy na warunkach okre\u015blonych w uchwale. <\/p>\n\n\n\n<h2><strong>Mieszkanie socjalne a komunalne<\/strong><\/h2>\n\n\n\n<p>Niekt\u00f3rym zdarza si\u0119 nazywa\u0107 mieszkanie\nsocjalne komunalnym lub odwrotnie, co jest lapsusem j\u0119zykowym.Przejrzyjmy si\u0119 temu bli\u017cej. Zar\u00f3wno\nprzydzia\u0142 mieszka\u0144 socjalnych, jak i komunalnych, nale\u017cy do obowi\u0105zk\u00f3w\njednostki samorz\u0105dowej. W obu przypadkach pod uwag\u0119 brane s\u0105 zupe\u0142nie inne\nkryteria. <\/p>\n\n\n\n<img width=\"880\" height=\"465\" src=\"https:\/\/urban.one\/blog\/wp-content\/uploads\/2020\/06\/mieszkania-socjalne9764.jpg\" alt=\"mieszkania socjalne \" class=\"wp-image-2949\" srcset=\"https:\/\/urban.one\/blog\/wp-content\/uploads\/2020\/06\/mieszkania-socjalne9764.jpg 880w, https:\/\/urban.one\/blog\/wp-content\/uploads\/2020\/06\/mieszkania-socjalne9764-300x159.jpg 300w, https:\/\/urban.one\/blog\/wp-content\/uploads\/2020\/06\/mieszkania-socjalne9764-768x406.jpg 768w\" \/>mieszkania socjalne\n\n\n\n<p>W kolejce po mieszkanie komunalne mog\u0105 ustawi\u0107 si\u0119 osoby, kt\u00f3re z r\u00f3\u017cnych powod\u00f3w \u2014 np. braku zdolno\u015bci kredytowej \u2014 nie mog\u0105 pozwoli\u0107 sobie na w\u0142asne \u201em\u201d. Z drugiej strony musz\u0105 mie\u0107 sta\u0142e \u017ar\u00f3d\u0142o dochod\u00f3w, kt\u00f3re pozwoli op\u0142aci\u0107 bie\u017c\u0105ce wydatki mieszkaniowe, jak np. czynsz najmu czy op\u0142aty za media. Zainteresowani <a href=\"https:\/\/urban.one\/blog\/jak-wykupic-mieszkanie-komunalne\/\">mieszkaniem komunalnym<\/a> powinni uzbroi\u0107 si\u0119 w cierpliwo\u015b\u0107, bo lista oczekuj\u0105cych jest bardzo d\u0142uga \u2014 zwykle d\u0142u\u017csza ni\u017c zasoby gminne. Cz\u0119\u015b\u0107 tych zasob\u00f3w ka\u017cda gmina ma obowi\u0105zek przeznaczy\u0107 na mieszkania socjalne dla najbardziej potrzebuj\u0105cych. <\/p>\n\n\n\n<p>Wed\u0142ug danych G\u0142\u00f3wnego Urz\u0119du Statystycznego (GUS) za 2018 r. w zasobach gminnych by\u0142o 101 tys. lokali socjalnych o \u0142\u0105cznej powierzchni blisko 3,4&nbsp;mln metr\u00f3w kwadratowych. Urz\u0105d nie opublikowa\u0142 jak dot\u0105d zbiorczego raportu z danym za ubieg\u0142y rok.<\/p>\n\n\n\n<h2><strong>Mieszkanie socjalne \u2014 dla kogo<\/strong><\/h2>\n\n\n\n<p>Kr\u0105g os\u00f3b uprawnionych do lokalu\nsocjalnego jest jednak mocno ograniczony.&nbsp;\nTego typu mieszkanie przydziela si\u0119 osobom bez prawa do innego lokalu:\nsp\u00f3\u0142dzielczego, w\u0142asno\u015bciowego, komunalnego. Najwi\u0119ksze szanse maj\u0105 osoby z\nnakazem eksmisji. <\/p>\n\n\n\n<p>Poza kolejno\u015bci\u0105 obs\u0142ugiwane s\u0105\nwnioski o mieszkanie socjalne od ci\u0119\u017carnych kobiet, matek samotnie\nwychowuj\u0105cych dzieci czy os\u00f3b ob\u0142o\u017cnie chorych. O tanie mieszkanie poza rynkiem\nkomercyjnym mog\u0105 zabiega\u0107 tak\u017ce bezrobotni, emeryci i renci\u015bci czy pozosta\u0142e\nosoby przewidziane w uchwale gminy. <\/p>\n\n\n\n<p>Warto wiedzie\u0107, \u017ce priorytetowo\nrozpatrywane s\u0105 r\u00f3wnie\u017c wnioski os\u00f3b lub rodzin zamieszkuj\u0105cych budynek\nprzeznaczony do rozbi\u00f3rki, kt\u00f3re otrzyma\u0142y nakaz eksmisji.<\/p>\n\n\n\n<h2><strong>Mieszkanie socjalne \u2014 jak wygl\u0105da <\/strong><\/h2>\n\n\n\n<p>Mieszkanie socjalne musi mie\u0107\nodpowiedni metra\u017c. Na ka\u017cd\u0105 zamieszka\u0142\u0105 osob\u0119 musi przypada\u0107 co najmniej 5\nmetr\u00f3w kwadratowych, jednak w przypadku, gdy lokal zajmuje tylko jedna osoba,\nnie mo\u017ce by\u0107 on mniejszy ni\u017c 10 metr\u00f3w kwadratowych. Najem jest terminowy, a op\u0142ata\nnie mo\u017ce przekracza\u0107 po\u0142owy stawki najni\u017cszego czynszu obowi\u0105zuj\u0105cego w gminnym\nzasobie mieszkaniowym. <\/p>\n\n\n\n<p>Warto zaznaczy\u0107, \u017ce razem z wnioskiem o przydzia\u0142 mieszkania socjalnego mo\u017cna aplikowa\u0107 o <a href=\"https:\/\/www.gov.pl\/web\/gov\/uzyskaj-dodatek-mieszkaniowy\">dodatek mieszkaniowy<\/a>. Przys\u0142uguje on osobom, kt\u00f3rych nie sta\u0107 na op\u0142acenie sta\u0142ych koszt\u00f3w zwi\u0105zanych z utrzymaniem dachu nad g\u0142ow\u0105.<\/p>\n\n\n\n<img width=\"780\" height=\"523\" src=\"https:\/\/urban.one\/blog\/wp-content\/uploads\/2020\/06\/mieszkania-socjalne.jpg\" alt=\"mieszkania socjalne\" class=\"wp-image-2943\" srcset=\"https:\/\/urban.one\/blog\/wp-content\/uploads\/2020\/06\/mieszkania-socjalne.jpg 780w, https:\/\/urban.one\/blog\/wp-content\/uploads\/2020\/06\/mieszkania-socjalne-300x201.jpg 300w, https:\/\/urban.one\/blog\/wp-content\/uploads\/2020\/06\/mieszkania-socjalne-768x515.jpg 768w\" \/>mieszkania socjalne \n\n\n\n<p>Wsp\u00f3lnym mianownikiem wszystkich mieszka\u0144 socjalnych jest niski standard. Zwykle tego typu lokale wymagaj\u0105 remontu. Zdarza si\u0119, \u017ce mieszka\u0144cy musz\u0105 dzieli\u0107 si\u0119 \u0142azienk\u0105, a niekiedy tak\u017ce kuchni\u0105. Co wi\u0119cej, tego typu lokale cz\u0119sto znajduj\u0105 si\u0119 w starych kamienicach, bez dost\u0119pu do centralnego ogrzewania i bie\u017c\u0105cej ciep\u0142ej wody.<\/p>\n\n\n\n<h2><strong>Mieszkanie socjalne \u2014 warunki <\/strong><\/h2>\n\n\n\n<p>Jak dosta\u0107 mieszkanie socjalne?\nTrzeba z\u0142o\u017cy\u0107 w urz\u0119dzie (administracji dom\u00f3w miejskich\/gminnych lub jej\nodpowiedniku) komplet dokument\u00f3w wymaganych przez samorz\u0105d. Wnioski rozpatruje specjalnie\npowo\u0142ana do tego komisja, kt\u00f3ra obraduje okre\u015blonym terminie \u2014 np. raz na\nkwarta\u0142, raz na rok. <\/p>\n\n\n\n<p>Osoby, kt\u00f3rych wnioski\nrozpatrzono pozytywnie, zostan\u0105 wpisane na publiczn\u0105 list\u0119, dodatkowo\nakceptowan\u0105 przez szefa gminy. Od negatywnej decyzji komisji mo\u017cna si\u0119 odwo\u0142a\u0107\nw terminie 2 tygodni od dnia upublicznienia listy.&nbsp; <\/p>\n\n\n\n<p>Pozycja w zestawieniu decyduje o\npierwsze\u0144stwie do lokalu. Na przydzia\u0142 czeka si\u0119 od kilku tygodni do kilku\nmiesi\u0119cy. W najgorszym przypadku na mieszkanie socjalne trzeba poczeka\u0107 nawet\nkilka lat.<\/p>\n\n\n\n<p>Warto podkre\u015bli, ze mieszkania socjalnego nie mo\u017cna wykupi\u0107 na w\u0142asno\u015b\u0107 ani odziedziczy\u0107, w przeciwie\u0144stwie do mieszkania komunalnego. Lokal socjalny wynajmowany jest zwykle na rok. Je\u015bli w tym czasie sytuacja materialna lokatora si\u0119 nie poprawi, umow\u0105 mo\u017ce on przed\u0142u\u017cy\u0107 najem.<\/p>\n\n\n\n<h2><strong>Mieszkanie socjalne \u2014 doch\u00f3d<\/strong><\/h2>\n\n\n\n<p>Przydzia\u0142 mieszkania socjalnego uzale\u017cniony jest od kryterium dochodowego, okre\u015blanego indywidualnie przez ka\u017cd\u0105 gmin\u0119. Zgodnie z definicj\u0105 za doch\u00f3d uwa\u017ca si\u0119 wszelkie przychody po odliczeniu koszt\u00f3w ich uzyskania oraz sk\u0142adek odprowadzonych w ramach ubezpiecze\u0144 spo\u0142ecznych. Do dochodu nie wlicza si\u0119 np. \u015bwiadcze\u0144 pomocy materialnej dla uczni\u00f3w, dodatk\u00f3w dla sierot zupe\u0142nych, jednorazowych zapom\u00f3g z tytu\u0142u urodzenia si\u0119 dziecka, pomocy w zakresie do\u017cywiania, zasi\u0142k\u00f3w piel\u0119gnacyjnych, zasi\u0142k\u00f3w okresowych z pomocy spo\u0142ecznej, jednorazowych \u015bwiadcze\u0144 pieni\u0119\u017cnych i \u015bwiadcze\u0144 w naturze z pomocy spo\u0142ecznej.<\/p>\n\n\n\n<h2><strong>Wniosek o mieszkanie socjalne<\/strong><\/h2>\n\n\n\n<p>Wzoru wniosku i wytycznych dotycz\u0105cych za\u0142\u0105cznik\u00f3w nale\u017cy szuka\u0107 bezpo\u015brednio w urz\u0119dzie gminy lub na jej stronie internetowej. <\/p>\n","protected":false},"excerpt":{"rendered":"<p>Osoby ubogie maj\u0105 prawo zabiega\u0107 o przydzia\u0142 lokalu socjalnego na bardzo preferencyjnych warunkach. Przeczytaj artyku\u0142, aby dowiedzie\u0107 si\u0119, jak to zrobi\u0107 i otrzyma\u0107 mieszkanie socjalne. W du\u017cym uproszczeniu na mieszkanie socjalne mog\u0105 liczy\u0107 bezdomni lub osoby ubogie. Lokale przydzielane s\u0105 w ramach pomocy publicznej, uregulowanej ustaw\u0105 o ochronie praw lokator\u00f3w, mieszkaniowym zasobie gminy i o<\/p>\n","protected":false},"author":21,"featured_media":2941,"comment_status":"open","ping_status":"closed","sticky":false,"template":"","format":"standard","meta":[],"categories":[102],"tags":[],"yoast_head":"<!-- This site is optimized with the Yoast SEO plugin v19.1 - https:\/\/yoast.com\/wordpress\/plugins\/seo\/ -->\n<title>Mieszkania socjalne. Kompleksowy poradnik - Urban.one<\/title>\n<meta name=\"description\" content=\"Osoby ubogie maj\u0105 prawo zabiega\u0107 o przydzia\u0142 mieszkania socjalnego na preferencyjnych warunkach. Przeczytaj artyku\u0142, aby dowiedzie\u0107 si\u0119, jak to zrobi\u0107.\" \/>\n<meta name=\"robots\" content=\"index, follow, max-snippet:-1, max-image-preview:large, max-video-preview:-1\" \/>\n<link rel=\"canonical\" href=\"https:\/\/urban.one\/blog\/mieszkania-socjalne-kompleksowy-poradnik-dla-kogo-jakie-warunki-wniosek\/\" \/>\n<meta property=\"og:locale\" content=\"pl_PL\" \/>\n<meta property=\"og:type\" content=\"article\" \/>\n<meta property=\"og:title\" content=\"Mieszkania socjalne. Kompleksowy poradnik - Urban.one\" \/>\n<meta property=\"og:description\" content=\"Osoby ubogie maj\u0105 prawo zabiega\u0107 o przydzia\u0142 mieszkania socjalnego na preferencyjnych warunkach. Przeczytaj artyku\u0142, aby dowiedzie\u0107 si\u0119, jak to zrobi\u0107.\" \/>\n<meta property=\"og:url\" content=\"https:\/\/urban.one\/blog\/mieszkania-socjalne-kompleksowy-poradnik-dla-kogo-jakie-warunki-wniosek\/\" \/>\n<meta property=\"og:site_name\" content=\"Urban.one\" \/>\n<meta property=\"article:publisher\" content=\"https:\/\/www.facebook.com\/urbanonepl\/\" \/>\n<meta property=\"article:published_time\" content=\"2020-06-15T09:16:48+00:00\" \/>\n<meta property=\"article:modified_time\" content=\"2020-06-18T17:04:53+00:00\" \/>\n<meta property=\"og:image\" content=\"https:\/\/urban.one\/blog\/wp-content\/uploads\/2020\/06\/mieszkanie-socjalne-czy-komunalne.jpg\" \/>\n\t<meta property=\"og:image:width\" content=\"700\" \/>\n\t<meta property=\"og:image:height\" content=\"342\" \/>\n\t<meta property=\"og:image:type\" content=\"image\/jpeg\" \/>\n<meta name=\"twitter:card\" content=\"summary_large_image\" \/>\n<meta name=\"twitter:label1\" content=\"Napisane przez\" \/>\n\t<meta name=\"twitter:data1\" content=\"Paulina\" \/>\n\t<meta name=\"twitter:label2\" content=\"Szacowany czas czytania\" \/>\n\t<meta name=\"twitter:data2\" content=\"4 minuty\" \/>\n<script type=\"application\/ld+json\" class=\"yoast-schema-graph\">{\"@context\":\"https:\/\/schema.org\",\"@graph\":[{\"@type\":\"Organization\",\"@id\":\"https:\/\/urban.one\/blog\/#organization\",\"name\":\"Urban.one blog\",\"url\":\"https:\/\/urban.one\/blog\/\",\"sameAs\":[\"https:\/\/www.facebook.com\/urbanonepl\/\"],\"logo\":{\"@type\":\"ImageObject\",\"inLanguage\":\"pl-PL\",\"@id\":\"https:\/\/urban.one\/blog\/#\/schema\/logo\/image\/\",\"url\":\"https:\/\/urban.one\/blog\/wp-content\/uploads\/2016\/09\/UrbanOneBlog-Logo.png\",\"contentUrl\":\"https:\/\/urban.one\/blog\/wp-content\/uploads\/2016\/09\/UrbanOneBlog-Logo.png\",\"width\":319,\"height\":71,\"caption\":\"Urban.one blog\"},\"image\":{\"@id\":\"https:\/\/urban.one\/blog\/#\/schema\/logo\/image\/\"}},{\"@type\":\"WebSite\",\"@id\":\"https:\/\/urban.one\/blog\/#website\",\"url\":\"https:\/\/urban.one\/blog\/\",\"name\":\"Urban.one\",\"description\":\"Poznaj prawdziw\u0105 warto\u015b\u0107 mieszkania\",\"publisher\":{\"@id\":\"https:\/\/urban.one\/blog\/#organization\"},\"potentialAction\":[{\"@type\":\"SearchAction\",\"target\":{\"@type\":\"EntryPoint\",\"urlTemplate\":\"https:\/\/urban.one\/blog\/?s={search_term_string}\"},\"query-input\":\"required name=search_term_string\"}],\"inLanguage\":\"pl-PL\"},{\"@type\":\"ImageObject\",\"inLanguage\":\"pl-PL\",\"@id\":\"https:\/\/urban.one\/blog\/mieszkania-socjalne-kompleksowy-poradnik-dla-kogo-jakie-warunki-wniosek\/#primaryimage\",\"url\":\"https:\/\/urban.one\/blog\/wp-content\/uploads\/2020\/06\/mieszkanie-socjalne-czy-komunalne.jpg\",\"contentUrl\":\"https:\/\/urban.one\/blog\/wp-content\/uploads\/2020\/06\/mieszkanie-socjalne-czy-komunalne.jpg\",\"width\":700,\"height\":342,\"caption\":\"mieszkania socjalne\"},{\"@type\":\"WebPage\",\"@id\":\"https:\/\/urban.one\/blog\/mieszkania-socjalne-kompleksowy-poradnik-dla-kogo-jakie-warunki-wniosek\/#webpage\",\"url\":\"https:\/\/urban.one\/blog\/mieszkania-socjalne-kompleksowy-poradnik-dla-kogo-jakie-warunki-wniosek\/\",\"name\":\"Mieszkania socjalne. Kompleksowy poradnik - Urban.one\",\"isPartOf\":{\"@id\":\"https:\/\/urban.one\/blog\/#website\"},\"primaryImageOfPage\":{\"@id\":\"https:\/\/urban.one\/blog\/mieszkania-socjalne-kompleksowy-poradnik-dla-kogo-jakie-warunki-wniosek\/#primaryimage\"},\"datePublished\":\"2020-06-15T09:16:48+00:00\",\"dateModified\":\"2020-06-18T17:04:53+00:00\",\"description\":\"Osoby ubogie maj\u0105 prawo zabiega\u0107 o przydzia\u0142 mieszkania socjalnego na preferencyjnych warunkach. Przeczytaj artyku\u0142, aby dowiedzie\u0107 si\u0119, jak to zrobi\u0107.\",\"breadcrumb\":{\"@id\":\"https:\/\/urban.one\/blog\/mieszkania-socjalne-kompleksowy-poradnik-dla-kogo-jakie-warunki-wniosek\/#breadcrumb\"},\"inLanguage\":\"pl-PL\",\"potentialAction\":[{\"@type\":\"ReadAction\",\"target\":[\"https:\/\/urban.one\/blog\/mieszkania-socjalne-kompleksowy-poradnik-dla-kogo-jakie-warunki-wniosek\/\"]}]},{\"@type\":\"BreadcrumbList\",\"@id\":\"https:\/\/urban.one\/blog\/mieszkania-socjalne-kompleksowy-poradnik-dla-kogo-jakie-warunki-wniosek\/#breadcrumb\",\"itemListElement\":[{\"@type\":\"ListItem\",\"position\":1,\"name\":\"Strona g\u0142\u00f3wna\",\"item\":\"\/\"},{\"@type\":\"ListItem\",\"position\":2,\"name\":\"Blog\",\"item\":\"https:\/\/urban.one\/blog\/\"},{\"@type\":\"ListItem\",\"position\":3,\"name\":\"Porady\",\"item\":\"https:\/\/urban.one\/blog\/category\/porady\/\"},{\"@type\":\"ListItem\",\"position\":4,\"name\":\"Mieszkania socjalne. Kompleksowy poradnik\"}]},{\"@type\":\"Article\",\"@id\":\"https:\/\/urban.one\/blog\/mieszkania-socjalne-kompleksowy-poradnik-dla-kogo-jakie-warunki-wniosek\/#article\",\"isPartOf\":{\"@id\":\"https:\/\/urban.one\/blog\/mieszkania-socjalne-kompleksowy-poradnik-dla-kogo-jakie-warunki-wniosek\/#webpage\"},\"author\":{\"@id\":\"https:\/\/urban.one\/blog\/#\/schema\/person\/e5cc6746fa220f6a9ef3af01e4a2c67b\"},\"headline\":\"Mieszkania socjalne. Kompleksowy poradnik\",\"datePublished\":\"2020-06-15T09:16:48+00:00\",\"dateModified\":\"2020-06-18T17:04:53+00:00\",\"mainEntityOfPage\":{\"@id\":\"https:\/\/urban.one\/blog\/mieszkania-socjalne-kompleksowy-poradnik-dla-kogo-jakie-warunki-wniosek\/#webpage\"},\"wordCount\":841,\"commentCount\":0,\"publisher\":{\"@id\":\"https:\/\/urban.one\/blog\/#organization\"},\"image\":{\"@id\":\"https:\/\/urban.one\/blog\/mieszkania-socjalne-kompleksowy-poradnik-dla-kogo-jakie-warunki-wniosek\/#primaryimage\"},\"thumbnailUrl\":\"https:\/\/urban.one\/blog\/wp-content\/uploads\/2020\/06\/mieszkanie-socjalne-czy-komunalne.jpg\",\"articleSection\":[\"Porady\"],\"inLanguage\":\"pl-PL\",\"potentialAction\":[{\"@type\":\"CommentAction\",\"name\":\"Comment\",\"target\":[\"https:\/\/urban.one\/blog\/mieszkania-socjalne-kompleksowy-poradnik-dla-kogo-jakie-warunki-wniosek\/#respond\"]}]},{\"@type\":\"Person\",\"@id\":\"https:\/\/urban.one\/blog\/#\/schema\/person\/e5cc6746fa220f6a9ef3af01e4a2c67b\",\"name\":\"Paulina\",\"image\":{\"@type\":\"ImageObject\",\"inLanguage\":\"pl-PL\",\"@id\":\"https:\/\/urban.one\/blog\/#\/schema\/person\/image\/\",\"url\":\"https:\/\/secure.gravatar.com\/avatar\/9643f5b925bc3e640d22c645bccfcbbf?s=96&d=mm&r=g\",\"contentUrl\":\"https:\/\/secure.gravatar.com\/avatar\/9643f5b925bc3e640d22c645bccfcbbf?s=96&d=mm&r=g\",\"caption\":\"Paulina\"},\"url\":\"https:\/\/urban.one\/blog\/author\/paulina-jewko\/\"}]}<\/script>\n<!-- \/ Yoast SEO plugin. -->","yoast_head_json":{"title":"Mieszkania socjalne. Kompleksowy poradnik - Urban.one","description":"Osoby ubogie maj\u0105 prawo zabiega\u0107 o przydzia\u0142 mieszkania socjalnego na preferencyjnych warunkach. Przeczytaj artyku\u0142, aby dowiedzie\u0107 si\u0119, jak to zrobi\u0107.","robots":{"index":"index","follow":"follow","max-snippet":"max-snippet:-1","max-image-preview":"max-image-preview:large","max-video-preview":"max-video-preview:-1"},"canonical":"https:\/\/urban.one\/blog\/mieszkania-socjalne-kompleksowy-poradnik-dla-kogo-jakie-warunki-wniosek\/","og_locale":"pl_PL","og_type":"article","og_title":"Mieszkania socjalne. Kompleksowy poradnik - Urban.one","og_description":"Osoby ubogie maj\u0105 prawo zabiega\u0107 o przydzia\u0142 mieszkania socjalnego na preferencyjnych warunkach. Przeczytaj artyku\u0142, aby dowiedzie\u0107 si\u0119, jak to zrobi\u0107.","og_url":"https:\/\/urban.one\/blog\/mieszkania-socjalne-kompleksowy-poradnik-dla-kogo-jakie-warunki-wniosek\/","og_site_name":"Urban.one","article_publisher":"https:\/\/www.facebook.com\/urbanonepl\/","article_published_time":"2020-06-15T09:16:48+00:00","article_modified_time":"2020-06-18T17:04:53+00:00","og_image":[{"width":700,"height":342,"url":"https:\/\/urban.one\/blog\/wp-content\/uploads\/2020\/06\/mieszkanie-socjalne-czy-komunalne.jpg","type":"image\/jpeg"}],"twitter_card":"summary_large_image","twitter_misc":{"Napisane przez":"Paulina","Szacowany czas czytania":"4 minuty"},"schema":{"@context":"https:\/\/schema.org","@graph":[{"@type":"Organization","@id":"https:\/\/urban.one\/blog\/#organization","name":"Urban.one blog","url":"https:\/\/urban.one\/blog\/","sameAs":["https:\/\/www.facebook.com\/urbanonepl\/"],"logo":{"@type":"ImageObject","inLanguage":"pl-PL","@id":"https:\/\/urban.one\/blog\/#\/schema\/logo\/image\/","url":"https:\/\/urban.one\/blog\/wp-content\/uploads\/2016\/09\/UrbanOneBlog-Logo.png","contentUrl":"https:\/\/urban.one\/blog\/wp-content\/uploads\/2016\/09\/UrbanOneBlog-Logo.png","width":319,"height":71,"caption":"Urban.one blog"},"image":{"@id":"https:\/\/urban.one\/blog\/#\/schema\/logo\/image\/"}},{"@type":"WebSite","@id":"https:\/\/urban.one\/blog\/#website","url":"https:\/\/urban.one\/blog\/","name":"Urban.one","description":"Poznaj prawdziw\u0105 warto\u015b\u0107 mieszkania","publisher":{"@id":"https:\/\/urban.one\/blog\/#organization"},"potentialAction":[{"@type":"SearchAction","target":{"@type":"EntryPoint","urlTemplate":"https:\/\/urban.one\/blog\/?s={search_term_string}"},"query-input":"required name=search_term_string"}],"inLanguage":"pl-PL"},{"@type":"ImageObject","inLanguage":"pl-PL","@id":"https:\/\/urban.one\/blog\/mieszkania-socjalne-kompleksowy-poradnik-dla-kogo-jakie-warunki-wniosek\/#primaryimage","url":"https:\/\/urban.one\/blog\/wp-content\/uploads\/2020\/06\/mieszkanie-socjalne-czy-komunalne.jpg","contentUrl":"https:\/\/urban.one\/blog\/wp-content\/uploads\/2020\/06\/mieszkanie-socjalne-czy-komunalne.jpg","width":700,"height":342,"caption":"mieszkania socjalne"},{"@type":"WebPage","@id":"https:\/\/urban.one\/blog\/mieszkania-socjalne-kompleksowy-poradnik-dla-kogo-jakie-warunki-wniosek\/#webpage","url":"https:\/\/urban.one\/blog\/mieszkania-socjalne-kompleksowy-poradnik-dla-kogo-jakie-warunki-wniosek\/","name":"Mieszkania socjalne. Kompleksowy poradnik - Urban.one","isPartOf":{"@id":"https:\/\/urban.one\/blog\/#website"},"primaryImageOfPage":{"@id":"https:\/\/urban.one\/blog\/mieszkania-socjalne-kompleksowy-poradnik-dla-kogo-jakie-warunki-wniosek\/#primaryimage"},"datePublished":"2020-06-15T09:16:48+00:00","dateModified":"2020-06-18T17:04:53+00:00","description":"Osoby ubogie maj\u0105 prawo zabiega\u0107 o przydzia\u0142 mieszkania socjalnego na preferencyjnych warunkach. Przeczytaj artyku\u0142, aby dowiedzie\u0107 si\u0119, jak to zrobi\u0107.","breadcrumb":{"@id":"https:\/\/urban.one\/blog\/mieszkania-socjalne-kompleksowy-poradnik-dla-kogo-jakie-warunki-wniosek\/#breadcrumb"},"inLanguage":"pl-PL","potentialAction":[{"@type":"ReadAction","target":["https:\/\/urban.one\/blog\/mieszkania-socjalne-kompleksowy-poradnik-dla-kogo-jakie-warunki-wniosek\/"]}]},{"@type":"BreadcrumbList","@id":"https:\/\/urban.one\/blog\/mieszkania-socjalne-kompleksowy-poradnik-dla-kogo-jakie-warunki-wniosek\/#breadcrumb","itemListElement":[{"@type":"ListItem","position":1,"name":"Strona g\u0142\u00f3wna","item":"\/"},{"@type":"ListItem","position":2,"name":"Blog","item":"https:\/\/urban.one\/blog\/"},{"@type":"ListItem","position":3,"name":"Porady","item":"https:\/\/urban.one\/blog\/category\/porady\/"},{"@type":"ListItem","position":4,"name":"Mieszkania socjalne. Kompleksowy poradnik"}]},{"@type":"Article","@id":"https:\/\/urban.one\/blog\/mieszkania-socjalne-kompleksowy-poradnik-dla-kogo-jakie-warunki-wniosek\/#article","isPartOf":{"@id":"https:\/\/urban.one\/blog\/mieszkania-socjalne-kompleksowy-poradnik-dla-kogo-jakie-warunki-wniosek\/#webpage"},"author":{"@id":"https:\/\/urban.one\/blog\/#\/schema\/person\/e5cc6746fa220f6a9ef3af01e4a2c67b"},"headline":"Mieszkania socjalne. Kompleksowy poradnik","datePublished":"2020-06-15T09:16:48+00:00","dateModified":"2020-06-18T17:04:53+00:00","mainEntityOfPage":{"@id":"https:\/\/urban.one\/blog\/mieszkania-socjalne-kompleksowy-poradnik-dla-kogo-jakie-warunki-wniosek\/#webpage"},"wordCount":841,"commentCount":0,"publisher":{"@id":"https:\/\/urban.one\/blog\/#organization"},"image":{"@id":"https:\/\/urban.one\/blog\/mieszkania-socjalne-kompleksowy-poradnik-dla-kogo-jakie-warunki-wniosek\/#primaryimage"},"thumbnailUrl":"https:\/\/urban.one\/blog\/wp-content\/uploads\/2020\/06\/mieszkanie-socjalne-czy-komunalne.jpg","articleSection":["Porady"],"inLanguage":"pl-PL","potentialAction":[{"@type":"CommentAction","name":"Comment","target":["https:\/\/urban.one\/blog\/mieszkania-socjalne-kompleksowy-poradnik-dla-kogo-jakie-warunki-wniosek\/#respond"]}]},{"@type":"Person","@id":"https:\/\/urban.one\/blog\/#\/schema\/person\/e5cc6746fa220f6a9ef3af01e4a2c67b","name":"Paulina","image":{"@type":"ImageObject","inLanguage":"pl-PL","@id":"https:\/\/urban.one\/blog\/#\/schema\/person\/image\/","url":"https:\/\/secure.gravatar.com\/avatar\/9643f5b925bc3e640d22c645bccfcbbf?s=96&d=mm&r=g","contentUrl":"https:\/\/secure.gravatar.com\/avatar\/9643f5b925bc3e640d22c645bccfcbbf?s=96&d=mm&r=g","caption":"Paulina"},"url":"https:\/\/urban.one\/blog\/author\/paulina-jewko\/"}]}},"_links":{"self":[{"href":"https:\/\/urban.one\/blog\/wp-json\/wp\/v2\/posts\/2939"}],"collection":[{"href":"https:\/\/urban.one\/blog\/wp-json\/wp\/v2\/posts"}],"about":[{"href":"https:\/\/urban.one\/blog\/wp-json\/wp\/v2\/types\/post"}],"author":[{"embeddable":true,"href":"https:\/\/urban.one\/blog\/wp-json\/wp\/v2\/users\/21"}],"replies":[{"embeddable":true,"href":"https:\/\/urban.one\/blog\/wp-json\/wp\/v2\/comments?post=2939"}],"version-history":[{"count":2,"href":"https:\/\/urban.one\/blog\/wp-json\/wp\/v2\/posts\/2939\/revisions"}],"predecessor-version":[{"id":2956,"href":"https:\/\/urban.one\/blog\/wp-json\/wp\/v2\/posts\/2939\/revisions\/2956"}],"wp:featuredmedia":[{"embeddable":true,"href":"https:\/\/urban.one\/blog\/wp-json\/wp\/v2\/media\/2941"}],"wp:attachment":[{"href":"https:\/\/urban.one\/blog\/wp-json\/wp\/v2\/media?parent=2939"}],"wp:term":[{"taxonomy":"category","embeddable":true,"href":"https:\/\/urban.one\/blog\/wp-json\/wp\/v2\/categories?post=2939"},{"taxonomy":"post_tag","embeddable":true,"href":"https:\/\/urban.one\/blog\/wp-json\/wp\/v2\/tags?post=2939"}],"curies":[{"name":"wp","href":"https:\/\/api.w.org\/{rel}","templated":true}]}}