{"id":2998,"date":"2020-07-23T11:33:59","date_gmt":"2020-07-23T09:33:59","guid":{"rendered":"https:\/\/urban.one\/blog\/?p=2998"},"modified":"2022-06-27T23:35:07","modified_gmt":"2022-06-27T21:35:07","slug":"mieszkanie-socjalne-podpowiadamy-dla-kogo-i-jakie-kryteria-trzeba-spelnic","status":"publish","type":"post","link":"https:\/\/urban.one\/blog\/mieszkanie-socjalne-podpowiadamy-dla-kogo-i-jakie-kryteria-trzeba-spelnic\/","title":{"rendered":"Mieszkanie socjalne. Podpowiadamy, dla kogo i jakie kryteria trzeba spe\u0142ni\u0107"},"content":{"rendered":"\n<p class=\"dropcap\"><strong>Osoby najubo\u017csze lub te, kt\u00f3re straci\u0142y dach nad g\u0142ow\u0105, mog\u0105 stara\u0107 si\u0119 o lokal socjalny, czyli tani i o obni\u017conym standardzie. Ch\u0119tnych na tymczasowe zakwaterowanie na \u015bci\u015ble okre\u015blonych warunkach nie brakuje.<\/strong><\/p>\n\n\n\n<p>Lokale socjalne (powszechnie nazywane mieszkaniami socjalnymi) przydzielane s\u0105 osobom najubo\u017cszym lub bezdomnym. To forma pomocy pa\u0144stwowej dla najbardziej potrzebuj\u0105cych. Obowi\u0105zki zwi\u0105zane z najmem socjalnym spoczywaj\u0105 na gminach, a ramy prawne w tym zakresie okre\u015bla ustawa z 2001 r. o ochronie praw lokator\u00f3w, mieszkaniowym zasobie gminy i o zmianie Kodeksu cywilnego. Zapotrzebowanie na tego typu lokale jest wi\u0119ksze ni\u017c mo\u017cliwo\u015bci pa\u0144stwa. Z og\u00f3lnodost\u0119pnych raport\u00f3w <a href=\"https:\/\/stat.gov.pl\/\">G\u0142\u00f3wnego Urz\u0119du Statystycznego<\/a> (GUS) wynika, \u017ce na koniec 2018 r. zasoby krajowe liczy\u0142y 101,2 tys. lokali socjalnych, czyli o 2,6 proc. wi\u0119cej ni\u017c rok wcze\u015bniej. To wci\u0105\u017c jednak o wiele za ma\u0142o, bowiem w tym samym czasie na listach oczekuj\u0105cych wci\u0105\u017c widnia\u0142o 85,9 tys. os\u00f3b, w tym ponad 52,5 tys. z nakazem eksmisji. Wniosek? Na mieszkanie socjalne zwykle trzeba czeka\u0107\u2014 \u015brednio kilka lat.<\/p>\n\n\n\n<h2><strong>Jak dosta\u0107 mieszkanie socjalne?<\/strong><\/h2>\n\n\n\n<p>Pozycja na li\u015bcie \u2014 aktualizowanej zwykle raz do roku \u2014&nbsp; ma znaczenie, bo dok\u0142adnie w takiej kolejno\u015bci miasto b\u0119dzie przydziela\u0107 mieszkania oczekuj\u0105cym. Najpr\u0119dzej do takiej kwatery wprowadz\u0105 si\u0119 osoby z s\u0105dowym nakazem eksmisji z dotychczasowego mieszkania i prawem do lokalu socjalnego. Priorytetowo traktuje si\u0119 tak\u017ce mieszka\u0144c\u00f3w budynku przeznaczonego do rozbi\u00f3rki przez nadz\u00f3r techniczny. Ponadto ustawa o ochronie lokator\u00f3w g\u0142osi, \u017ce pierwsze\u0144stwo w kolejce po tego typu lokum maj\u0105 kobiety ci\u0119\u017carne, dzieci, niepe\u0142nosprawni, ubezw\u0142asnowolnieni oraz osoby sprawuj\u0105ce nad nimi opiek\u0119, a tak\u017ce ob\u0142o\u017cnie chorzy, emeryci lub renci\u015bci, bezrobotni i wszyscy inni spe\u0142niaj\u0105cy przes\u0142anki okre\u015blone przez samorz\u0105d w drodze uchwa\u0142y.<\/p>\n\n\n\n<img width=\"600\" height=\"360\" src=\"https:\/\/urban.one\/blog\/wp-content\/uploads\/2020\/07\/mieszkania-socjalne_new2.jpg\" alt=\"mieszkanie socjalne\" class=\"wp-image-3003\" srcset=\"https:\/\/urban.one\/blog\/wp-content\/uploads\/2020\/07\/mieszkania-socjalne_new2.jpg 600w, https:\/\/urban.one\/blog\/wp-content\/uploads\/2020\/07\/mieszkania-socjalne_new2-300x180.jpg 300w\" \/>mieszkanie socjalne\n\n\n\n<h2><strong>Jak wygl\u0105da mieszkanie socjalne<\/strong><\/h2>\n\n\n\n<p>Mieszkanie socjalne przydzielane jest\ntymczasowo (zwykle od 3 do 5 lat) z mo\u017cliwo\u015bci\u0105 przed\u0142u\u017cenia umowy najmu. Co\nwa\u017cne, miasto mo\u017ce rozwi\u0105za\u0107 umow\u0119 z dnia na dzie\u0144, czyli bez zachowania\nterminu wypowiedzenia, gdy wynajmuj\u0105cy uzyska prawo do innego lokalu (np.\nodziedziczy\u0142) i bez przeszk\u00f3d b\u0119dzie m\u00f3g\u0142 si\u0119 do niego wprowadzi\u0107.<\/p>\n\n\n\n<p>Czynsz najmu mieszkania socjalnego nie mo\u017ce przekracza\u0107 po\u0142owy stawki najni\u017cszego czynszu obowi\u0105zuj\u0105cego w mieszkaniowym zasobie gminy \u2014 ze zbiorczych danych GUS wynika, \u017ce \u015brednie stawki op\u0142aty eksploatacyjnej obowi\u0105zuj\u0105ce w grudniu 2018 r. wynosi\u0142y od 2,90 z\u0142 za 1 m2 powierzchni u\u017cytkowej mieszkania (we wsp\u00f3lnotach mieszkaniowych) do 10,50 z\u0142 (w Towarzystwach Budownictwa Spo\u0142ecznego). Niski czynsz cz\u0119sto odzwierciedla standard lokalu socjalnego. Zdarzaj\u0105 si\u0119 mieszkania bez dost\u0119pu do ciep\u0142ej wody bie\u017c\u0105cej. W\u00f3wczas mo\u017cna poratowa\u0107 si\u0119 bojlerem, co mo\u017ce jednak s\u0142ono kosztowa\u0107 najemc\u0119.&nbsp; Ponadto lokale socjalne zlokalizowane s\u0105 raczej na obrze\u017cach miasta ni\u017c w \u015bcis\u0142ym centrum. Nierzadko lokatorzy zmuszeni s\u0105 dzieli\u0107 \u0142azienk\u0119, a nawet kuchni\u0119, z pozosta\u0142ymi mieszka\u0144cami budynku.<\/p>\n\n\n\n<p>Mieszkanie socjalne ma niewielki metra\u017c \u2014\n\u015brednio oko\u0142o 33m2. Na tego typu lokale adaptuje si\u0119 pomieszczenia spe\u0142niaj\u0105ce\nwymogi techniczne, wyposa\u017cone tylko w niezb\u0119dne instalacje i sprz\u0119ty u\u017cytkowe.\nNie wszystkie pustostany w gminie mo\u017cna zaadaptowa\u0107 na tego typu kwatery.\nBarier\u0105 s\u0105 minima metra\u017cowe, okre\u015blone w rzeczonej ustawie. W przypadku\n2-osobowego lub wi\u0119kszego gospodarstwa domowego na ka\u017cdego domownika musi\nprzypada\u0107 co najmniej 5m2 powierzchni u\u017cytkowej. Z kolei mieszkanie dostosowane\ndo jednej osoby nie mo\u017ce by\u0107 mniejsze ni\u017c 10m2.<\/p>\n\n\n\n<h2><strong>Mieszkanie socjalne \u2014 jakie dochody<\/strong><\/h2>\n\n\n\n<p>Co trzeba zrobi\u0107, aby zosta\u0107 wpisanym na list\u0119 oczekuj\u0105cych, aktualizowan\u0105 zazwyczaj raz do roku? W administracji dom\u00f3w gminnych, w terminie \u015bci\u015ble okre\u015blonym przez dan\u0105 jednostk\u0119, trzeba z\u0142o\u017cy\u0107 stosowny wniosek wraz z kompletem wymaganych dokument\u00f3w \u2014 w tym przede wszystkim za\u015bwiadcze\u0144 potwierdzaj\u0105cych wysoko\u015b\u0107 dochod\u00f3w gospodarstwa domowego. Kryterium dochodowe jest tutaj kluczowe, gdy\u017c chodzi o mieszkania przeznaczone dla najubo\u017cszych. Progi kwotowe ustala bezpo\u015brednio urz\u0105d miasta lub dzielnicy. Wnioski o przydzia\u0142 lokalu socjalnego rozpatruje komisja sk\u0142adaj\u0105ca si\u0119 radnych. O tym, kto ostatecznie znajdzie si\u0119 na li\u015bcie, decyduje szef urz\u0119du.<\/p>\n\n\n\n<h2><strong>Standardowe dokumenty po\u015bwiadczaj\u0105ce doch\u00f3d:<\/strong><\/h2>\n\n\n\n<p>\u00b7&nbsp;roczna deklaracja podatkowa za ubieg\u0142y rok wraz z potwierdzeniem z\u0142o\u017cenia,<\/p>\n\n\n\n<p>\u00b7&nbsp;za\u015bwiadczenie o dochodach od pracodawcy,<\/p>\n\n\n\n<p>\u00b7&nbsp;decyzj\u0119 Zak\u0142adu Ubezpiecze\u0144 Spo\u0142ecznych (ZUS) ustalaj\u0105c\u0105 wysoko\u015b\u0107 emerytury lub renty,<\/p>\n\n\n\n<p>\u00b7&nbsp;za\u015bwiadczenie z Powiatowego Urz\u0119du Pracy (PUP) o wysoko\u015bci pobieranego zasi\u0142ku,<\/p>\n\n\n\n<p>\u00b7&nbsp;za\u015bwiadczenie ze szko\u0142y o wysoko\u015bci pobieranego stypendium,<\/p>\n\n\n\n<p>\u00b7&nbsp;za\u015bwiadczenie o wysoko\u015bci pobieranych \u015bwiadcze\u0144 socjalnych, np. z Miejskiego O\u015brodka Pomocy Rodzinie (MOPR),<\/p>\n\n\n\n<p>\u00b7&nbsp;wyrok s\u0105du ustalaj\u0105cy wysoko\u015b\u0107 aliment\u00f3w.<\/p>\n\n\n\n<h2><strong>Mieszkanie socjalne Warszawa<\/strong><\/h2>\n\n\n\n<p>W stolicy jednostk\u0105 odpowiedzialn\u0105 za tworzenie miejskiej polityki mieszkaniowej jest Biuro Polityki Lokalowej. Rol\u0119 wykonawcz\u0105 maj\u0105 poszczeg\u00f3lne dzielnice m.st. Warszawy. Obowi\u0105zuj\u0105ce kryterium dochodowe wynosi 130 proc. najni\u017cszej emerytury w przypadku gospodarstw jednoosobowych (1 147,33 z\u0142) i 100 proc. najni\u017cszej emerytury na osob\u0119 w gospodarstwach wieloosobowych (882,56 z\u0142). Umowy z najemcami podpisywane s\u0105 na 5 lat.<\/p>\n\n\n\n<img width=\"1024\" height=\"683\" src=\"https:\/\/urban.one\/blog\/wp-content\/uploads\/2020\/07\/mieszkanie-socjalne_new-3-1024x683.jpg\" alt=\"mieszkanie socjalne \" class=\"wp-image-3004\" srcset=\"https:\/\/urban.one\/blog\/wp-content\/uploads\/2020\/07\/mieszkanie-socjalne_new-3-1024x683.jpg 1024w, https:\/\/urban.one\/blog\/wp-content\/uploads\/2020\/07\/mieszkanie-socjalne_new-3-300x200.jpg 300w, https:\/\/urban.one\/blog\/wp-content\/uploads\/2020\/07\/mieszkanie-socjalne_new-3-768x512.jpg 768w, https:\/\/urban.one\/blog\/wp-content\/uploads\/2020\/07\/mieszkanie-socjalne_new-3.jpg 1080w\" \/>mieszkanie socjalne \n\n\n\n<h2><strong>Mieszkanie socjalne Gda\u0144sk<\/strong><\/h2>\n\n\n\n<p>W Gda\u0144sku gminnym zasobem mieszkaniowym zajmuje si\u0119 Wydzia\u0142 Gospodarki Komunalnej Urz\u0119du Miejskiego w Gda\u0144sku &#8211; Referat Lokalowy. To w\u0142a\u015bnie tam najlepiej zasi\u0119gn\u0105\u0107 j\u0119zyka na temat aktualnego kryterium dochodowego na osob\u0119 w gospodarstwie domowym, kt\u00f3re stara si\u0119 o najem lokalu socjalnego (do ko\u0144ca lutego tego roku obowi\u0105zywa\u0142 pr\u00f3g kwotowy w wysoko\u015bci 1100 z\u0142 dla gospodarstwa jednoosobowego i 825 z\u0142 dla wieloosobowego). Lista os\u00f3b oczekuj\u0105cych powstaje raz do roku w terminie do 31 marca. Umow\u0119 najmu miasto podpisuje na 3 lata.<\/p>\n\n\n\n<h2><strong>Mieszkanie socjalne Gdynia<\/strong><\/h2>\n\n\n\n<p>W Gdyni rol\u0119 wykonawcz\u0105 pe\u0142ni Wydzia\u0142 Spraw Spo\u0142ecznych, a w jego ramach Referat ds. Mieszkaniowych. Kryterium dochodowe miasta wynosi (\u015bredni miesi\u0119czny doch\u00f3d brutto za trzy pe\u0142ne miesi\u0105ce przed z\u0142o\u017ceniem wniosku) do 1200 z\u0142 na osob\u0119 w przypadku gospodarstwa jednoosobowego i do 900 z\u0142 w przypadku wieloosobowego. Umowy najmu r\u00f3wnie\u017c s\u0105 3-letnie.<\/p>\n\n\n\n<h2><strong>Mieszkanie socjalne Pozna\u0144<\/strong><\/h2>\n\n\n\n<p>W Poznaniu sprawy mieszkaniowe prowadzi <a href=\"https:\/\/bip.poznan.pl\/bip\/biuro-spraw-lokalowych,2559\/\">Biuro Spraw Lokalowych<\/a>. W tym roku miasto jednak nie planuje tworzy\u0107 nowej listy oczekuj\u0105cych na lokal socjalny, dlatego nie zamierza rozpatrywa\u0107 wniosk\u00f3w w standardowym trybie. Zar\u00f3wno w tym, jak i przysz\u0142ym roku b\u0119d\u0105 przydzielane mieszkania socjalne osobom z bie\u017c\u0105cej listy oczekuj\u0105cych. <\/p>\n\n\n\n<h2><strong>Co zawiera standardowy wniosek o mieszkanie socjalne?<\/strong><\/h2>\n\n\n\n<p>\u00b7&nbsp;dane personalne, numer PESEL, adres zamieszkania oraz korespondencyjny, a tak\u017ce numer telefonu i adres e-mail wnioskuj\u0105cego,<\/p>\n\n\n\n<p>\u00b7&nbsp;dane personalne, stopie\u0144 pokrewie\u0144stwa, numer PESEL os\u00f3b obj\u0119tych wnioskiem,<\/p>\n\n\n\n<p>\u00b7&nbsp;informacje o \u017ar\u00f3d\u0142ach dochod\u00f3w poszczeg\u00f3lnych os\u00f3b,<\/p>\n\n\n\n<p>\u00b7&nbsp;&nbsp;informacje dotycz\u0105ce stopnia niepe\u0142nosprawno\u015bci.<\/p>\n\n\n\n<h2><strong>Mieszkanie socjalne a komunalne<\/strong><\/h2>\n\n\n\n<p> Zar\u00f3wno<a href=\"https:\/\/urban.one\/blog\/mieszkania-socjalne-kompleksowy-poradnik-dla-kogo-jakie-warunki-wniosek\/\"> mieszkanie socjalne<\/a>, jak i komunalne wynajmuje si\u0119 od gminy, niemniej obie formy bardzo si\u0119 od siebie r\u00f3\u017cni\u0105. Lokal socjalny jest ta\u0144szy w utrzymaniu od komunalnego, mniejszy i o znacznie ni\u017cszym standardzie. Co wi\u0119cej, takiego lokalu nie mo\u017cna wykupi\u0107 na w\u0142asno\u015b\u0107, podczas gdy niekt\u00f3re gminny daj\u0105 tak\u0105 mo\u017cliwo\u015b\u0107 najemcom mieszka\u0144.   <\/p>\n","protected":false},"excerpt":{"rendered":"<p>Osoby najubo\u017csze lub te, kt\u00f3re straci\u0142y dach nad g\u0142ow\u0105, mog\u0105 stara\u0107 si\u0119 o lokal socjalny, czyli tani i o obni\u017conym standardzie. Ch\u0119tnych na tymczasowe zakwaterowanie na \u015bci\u015ble okre\u015blonych warunkach nie brakuje. Lokale socjalne (powszechnie nazywane mieszkaniami socjalnymi) przydzielane s\u0105 osobom najubo\u017cszym lub bezdomnym. To forma pomocy pa\u0144stwowej dla najbardziej potrzebuj\u0105cych. Obowi\u0105zki zwi\u0105zane z najmem socjalnym<\/p>\n","protected":false},"author":21,"featured_media":3000,"comment_status":"open","ping_status":"closed","sticky":false,"template":"","format":"standard","meta":[],"categories":[102],"tags":[],"yoast_head":"<!-- This site is optimized with the Yoast SEO plugin v19.1 - https:\/\/yoast.com\/wordpress\/plugins\/seo\/ -->\n<title>Mieszkanie socjalne. Podpowiadamy, dla kogo i jakie kryteria trzeba spe\u0142ni\u0107 - Urban.one<\/title>\n<meta name=\"description\" content=\"Osoby najubo\u017csze lub te, kt\u00f3re straci\u0142y dach nad g\u0142ow\u0105, mog\u0105 stara\u0107 si\u0119 o lokal socjalny, czyli tani i o obni\u017conym standardzie. Ch\u0119tnych na tymczasowe zakwaterowanie na \u015bci\u015ble okre\u015blonych warunkach nie brakuje.\" \/>\n<meta name=\"robots\" content=\"index, follow, max-snippet:-1, max-image-preview:large, max-video-preview:-1\" \/>\n<link rel=\"canonical\" href=\"https:\/\/urban.one\/blog\/mieszkanie-socjalne-podpowiadamy-dla-kogo-i-jakie-kryteria-trzeba-spelnic\/\" \/>\n<meta property=\"og:locale\" content=\"pl_PL\" \/>\n<meta property=\"og:type\" content=\"article\" \/>\n<meta property=\"og:title\" content=\"Mieszkanie socjalne. Podpowiadamy, dla kogo i jakie kryteria trzeba spe\u0142ni\u0107 - Urban.one\" \/>\n<meta property=\"og:description\" content=\"Osoby najubo\u017csze lub te, kt\u00f3re straci\u0142y dach nad g\u0142ow\u0105, mog\u0105 stara\u0107 si\u0119 o lokal socjalny, czyli tani i o obni\u017conym standardzie. Ch\u0119tnych na tymczasowe zakwaterowanie na \u015bci\u015ble okre\u015blonych warunkach nie brakuje.\" \/>\n<meta property=\"og:url\" content=\"https:\/\/urban.one\/blog\/mieszkanie-socjalne-podpowiadamy-dla-kogo-i-jakie-kryteria-trzeba-spelnic\/\" \/>\n<meta property=\"og:site_name\" content=\"Urban.one\" \/>\n<meta property=\"article:publisher\" content=\"https:\/\/www.facebook.com\/urbanonepl\/\" \/>\n<meta property=\"article:published_time\" content=\"2020-07-23T09:33:59+00:00\" \/>\n<meta property=\"article:modified_time\" content=\"2022-06-27T21:35:07+00:00\" \/>\n<meta property=\"og:image\" content=\"https:\/\/urban.one\/blog\/wp-content\/uploads\/2020\/07\/mieszkania-socjalne_new.jpg\" \/>\n\t<meta property=\"og:image:width\" content=\"835\" \/>\n\t<meta property=\"og:image:height\" content=\"410\" \/>\n\t<meta property=\"og:image:type\" content=\"image\/jpeg\" \/>\n<meta name=\"twitter:card\" content=\"summary_large_image\" \/>\n<meta name=\"twitter:label1\" content=\"Napisane przez\" \/>\n\t<meta name=\"twitter:data1\" content=\"Paulina\" \/>\n\t<meta name=\"twitter:label2\" content=\"Szacowany czas czytania\" \/>\n\t<meta name=\"twitter:data2\" content=\"7 minut\" \/>\n<script type=\"application\/ld+json\" class=\"yoast-schema-graph\">{\"@context\":\"https:\/\/schema.org\",\"@graph\":[{\"@type\":\"Organization\",\"@id\":\"https:\/\/urban.one\/blog\/#organization\",\"name\":\"Urban.one blog\",\"url\":\"https:\/\/urban.one\/blog\/\",\"sameAs\":[\"https:\/\/www.facebook.com\/urbanonepl\/\"],\"logo\":{\"@type\":\"ImageObject\",\"inLanguage\":\"pl-PL\",\"@id\":\"https:\/\/urban.one\/blog\/#\/schema\/logo\/image\/\",\"url\":\"https:\/\/urban.one\/blog\/wp-content\/uploads\/2016\/09\/UrbanOneBlog-Logo.png\",\"contentUrl\":\"https:\/\/urban.one\/blog\/wp-content\/uploads\/2016\/09\/UrbanOneBlog-Logo.png\",\"width\":319,\"height\":71,\"caption\":\"Urban.one blog\"},\"image\":{\"@id\":\"https:\/\/urban.one\/blog\/#\/schema\/logo\/image\/\"}},{\"@type\":\"WebSite\",\"@id\":\"https:\/\/urban.one\/blog\/#website\",\"url\":\"https:\/\/urban.one\/blog\/\",\"name\":\"Urban.one\",\"description\":\"Poznaj prawdziw\u0105 warto\u015b\u0107 mieszkania\",\"publisher\":{\"@id\":\"https:\/\/urban.one\/blog\/#organization\"},\"potentialAction\":[{\"@type\":\"SearchAction\",\"target\":{\"@type\":\"EntryPoint\",\"urlTemplate\":\"https:\/\/urban.one\/blog\/?s={search_term_string}\"},\"query-input\":\"required name=search_term_string\"}],\"inLanguage\":\"pl-PL\"},{\"@type\":\"ImageObject\",\"inLanguage\":\"pl-PL\",\"@id\":\"https:\/\/urban.one\/blog\/mieszkanie-socjalne-podpowiadamy-dla-kogo-i-jakie-kryteria-trzeba-spelnic\/#primaryimage\",\"url\":\"https:\/\/urban.one\/blog\/wp-content\/uploads\/2020\/07\/mieszkania-socjalne_new.jpg\",\"contentUrl\":\"https:\/\/urban.one\/blog\/wp-content\/uploads\/2020\/07\/mieszkania-socjalne_new.jpg\",\"width\":835,\"height\":410,\"caption\":\"mieszkanie socjalne\"},{\"@type\":\"WebPage\",\"@id\":\"https:\/\/urban.one\/blog\/mieszkanie-socjalne-podpowiadamy-dla-kogo-i-jakie-kryteria-trzeba-spelnic\/#webpage\",\"url\":\"https:\/\/urban.one\/blog\/mieszkanie-socjalne-podpowiadamy-dla-kogo-i-jakie-kryteria-trzeba-spelnic\/\",\"name\":\"Mieszkanie socjalne. Podpowiadamy, dla kogo i jakie kryteria trzeba spe\u0142ni\u0107 - Urban.one\",\"isPartOf\":{\"@id\":\"https:\/\/urban.one\/blog\/#website\"},\"primaryImageOfPage\":{\"@id\":\"https:\/\/urban.one\/blog\/mieszkanie-socjalne-podpowiadamy-dla-kogo-i-jakie-kryteria-trzeba-spelnic\/#primaryimage\"},\"datePublished\":\"2020-07-23T09:33:59+00:00\",\"dateModified\":\"2022-06-27T21:35:07+00:00\",\"description\":\"Osoby najubo\u017csze lub te, kt\u00f3re straci\u0142y dach nad g\u0142ow\u0105, mog\u0105 stara\u0107 si\u0119 o lokal socjalny, czyli tani i o obni\u017conym standardzie. Ch\u0119tnych na tymczasowe zakwaterowanie na \u015bci\u015ble okre\u015blonych warunkach nie brakuje.\",\"breadcrumb\":{\"@id\":\"https:\/\/urban.one\/blog\/mieszkanie-socjalne-podpowiadamy-dla-kogo-i-jakie-kryteria-trzeba-spelnic\/#breadcrumb\"},\"inLanguage\":\"pl-PL\",\"potentialAction\":[{\"@type\":\"ReadAction\",\"target\":[\"https:\/\/urban.one\/blog\/mieszkanie-socjalne-podpowiadamy-dla-kogo-i-jakie-kryteria-trzeba-spelnic\/\"]}]},{\"@type\":\"BreadcrumbList\",\"@id\":\"https:\/\/urban.one\/blog\/mieszkanie-socjalne-podpowiadamy-dla-kogo-i-jakie-kryteria-trzeba-spelnic\/#breadcrumb\",\"itemListElement\":[{\"@type\":\"ListItem\",\"position\":1,\"name\":\"Strona g\u0142\u00f3wna\",\"item\":\"\/\"},{\"@type\":\"ListItem\",\"position\":2,\"name\":\"Blog\",\"item\":\"https:\/\/urban.one\/blog\/\"},{\"@type\":\"ListItem\",\"position\":3,\"name\":\"Porady\",\"item\":\"https:\/\/urban.one\/blog\/category\/porady\/\"},{\"@type\":\"ListItem\",\"position\":4,\"name\":\"Mieszkanie socjalne. Podpowiadamy, dla kogo i jakie kryteria trzeba spe\u0142ni\u0107\"}]},{\"@type\":\"Article\",\"@id\":\"https:\/\/urban.one\/blog\/mieszkanie-socjalne-podpowiadamy-dla-kogo-i-jakie-kryteria-trzeba-spelnic\/#article\",\"isPartOf\":{\"@id\":\"https:\/\/urban.one\/blog\/mieszkanie-socjalne-podpowiadamy-dla-kogo-i-jakie-kryteria-trzeba-spelnic\/#webpage\"},\"author\":{\"@id\":\"https:\/\/urban.one\/blog\/#\/schema\/person\/e5cc6746fa220f6a9ef3af01e4a2c67b\"},\"headline\":\"Mieszkanie socjalne. Podpowiadamy, dla kogo i jakie kryteria trzeba spe\u0142ni\u0107\",\"datePublished\":\"2020-07-23T09:33:59+00:00\",\"dateModified\":\"2022-06-27T21:35:07+00:00\",\"mainEntityOfPage\":{\"@id\":\"https:\/\/urban.one\/blog\/mieszkanie-socjalne-podpowiadamy-dla-kogo-i-jakie-kryteria-trzeba-spelnic\/#webpage\"},\"wordCount\":1195,\"commentCount\":0,\"publisher\":{\"@id\":\"https:\/\/urban.one\/blog\/#organization\"},\"image\":{\"@id\":\"https:\/\/urban.one\/blog\/mieszkanie-socjalne-podpowiadamy-dla-kogo-i-jakie-kryteria-trzeba-spelnic\/#primaryimage\"},\"thumbnailUrl\":\"https:\/\/urban.one\/blog\/wp-content\/uploads\/2020\/07\/mieszkania-socjalne_new.jpg\",\"articleSection\":[\"Porady\"],\"inLanguage\":\"pl-PL\",\"potentialAction\":[{\"@type\":\"CommentAction\",\"name\":\"Comment\",\"target\":[\"https:\/\/urban.one\/blog\/mieszkanie-socjalne-podpowiadamy-dla-kogo-i-jakie-kryteria-trzeba-spelnic\/#respond\"]}]},{\"@type\":\"Person\",\"@id\":\"https:\/\/urban.one\/blog\/#\/schema\/person\/e5cc6746fa220f6a9ef3af01e4a2c67b\",\"name\":\"Paulina\",\"image\":{\"@type\":\"ImageObject\",\"inLanguage\":\"pl-PL\",\"@id\":\"https:\/\/urban.one\/blog\/#\/schema\/person\/image\/\",\"url\":\"https:\/\/secure.gravatar.com\/avatar\/9643f5b925bc3e640d22c645bccfcbbf?s=96&d=mm&r=g\",\"contentUrl\":\"https:\/\/secure.gravatar.com\/avatar\/9643f5b925bc3e640d22c645bccfcbbf?s=96&d=mm&r=g\",\"caption\":\"Paulina\"},\"url\":\"https:\/\/urban.one\/blog\/author\/paulina-jewko\/\"}]}<\/script>\n<!-- \/ Yoast SEO plugin. -->","yoast_head_json":{"title":"Mieszkanie socjalne. Podpowiadamy, dla kogo i jakie kryteria trzeba spe\u0142ni\u0107 - Urban.one","description":"Osoby najubo\u017csze lub te, kt\u00f3re straci\u0142y dach nad g\u0142ow\u0105, mog\u0105 stara\u0107 si\u0119 o lokal socjalny, czyli tani i o obni\u017conym standardzie. Ch\u0119tnych na tymczasowe zakwaterowanie na \u015bci\u015ble okre\u015blonych warunkach nie brakuje.","robots":{"index":"index","follow":"follow","max-snippet":"max-snippet:-1","max-image-preview":"max-image-preview:large","max-video-preview":"max-video-preview:-1"},"canonical":"https:\/\/urban.one\/blog\/mieszkanie-socjalne-podpowiadamy-dla-kogo-i-jakie-kryteria-trzeba-spelnic\/","og_locale":"pl_PL","og_type":"article","og_title":"Mieszkanie socjalne. Podpowiadamy, dla kogo i jakie kryteria trzeba spe\u0142ni\u0107 - Urban.one","og_description":"Osoby najubo\u017csze lub te, kt\u00f3re straci\u0142y dach nad g\u0142ow\u0105, mog\u0105 stara\u0107 si\u0119 o lokal socjalny, czyli tani i o obni\u017conym standardzie. Ch\u0119tnych na tymczasowe zakwaterowanie na \u015bci\u015ble okre\u015blonych warunkach nie brakuje.","og_url":"https:\/\/urban.one\/blog\/mieszkanie-socjalne-podpowiadamy-dla-kogo-i-jakie-kryteria-trzeba-spelnic\/","og_site_name":"Urban.one","article_publisher":"https:\/\/www.facebook.com\/urbanonepl\/","article_published_time":"2020-07-23T09:33:59+00:00","article_modified_time":"2022-06-27T21:35:07+00:00","og_image":[{"width":835,"height":410,"url":"https:\/\/urban.one\/blog\/wp-content\/uploads\/2020\/07\/mieszkania-socjalne_new.jpg","type":"image\/jpeg"}],"twitter_card":"summary_large_image","twitter_misc":{"Napisane przez":"Paulina","Szacowany czas czytania":"7 minut"},"schema":{"@context":"https:\/\/schema.org","@graph":[{"@type":"Organization","@id":"https:\/\/urban.one\/blog\/#organization","name":"Urban.one blog","url":"https:\/\/urban.one\/blog\/","sameAs":["https:\/\/www.facebook.com\/urbanonepl\/"],"logo":{"@type":"ImageObject","inLanguage":"pl-PL","@id":"https:\/\/urban.one\/blog\/#\/schema\/logo\/image\/","url":"https:\/\/urban.one\/blog\/wp-content\/uploads\/2016\/09\/UrbanOneBlog-Logo.png","contentUrl":"https:\/\/urban.one\/blog\/wp-content\/uploads\/2016\/09\/UrbanOneBlog-Logo.png","width":319,"height":71,"caption":"Urban.one blog"},"image":{"@id":"https:\/\/urban.one\/blog\/#\/schema\/logo\/image\/"}},{"@type":"WebSite","@id":"https:\/\/urban.one\/blog\/#website","url":"https:\/\/urban.one\/blog\/","name":"Urban.one","description":"Poznaj prawdziw\u0105 warto\u015b\u0107 mieszkania","publisher":{"@id":"https:\/\/urban.one\/blog\/#organization"},"potentialAction":[{"@type":"SearchAction","target":{"@type":"EntryPoint","urlTemplate":"https:\/\/urban.one\/blog\/?s={search_term_string}"},"query-input":"required name=search_term_string"}],"inLanguage":"pl-PL"},{"@type":"ImageObject","inLanguage":"pl-PL","@id":"https:\/\/urban.one\/blog\/mieszkanie-socjalne-podpowiadamy-dla-kogo-i-jakie-kryteria-trzeba-spelnic\/#primaryimage","url":"https:\/\/urban.one\/blog\/wp-content\/uploads\/2020\/07\/mieszkania-socjalne_new.jpg","contentUrl":"https:\/\/urban.one\/blog\/wp-content\/uploads\/2020\/07\/mieszkania-socjalne_new.jpg","width":835,"height":410,"caption":"mieszkanie socjalne"},{"@type":"WebPage","@id":"https:\/\/urban.one\/blog\/mieszkanie-socjalne-podpowiadamy-dla-kogo-i-jakie-kryteria-trzeba-spelnic\/#webpage","url":"https:\/\/urban.one\/blog\/mieszkanie-socjalne-podpowiadamy-dla-kogo-i-jakie-kryteria-trzeba-spelnic\/","name":"Mieszkanie socjalne. Podpowiadamy, dla kogo i jakie kryteria trzeba spe\u0142ni\u0107 - Urban.one","isPartOf":{"@id":"https:\/\/urban.one\/blog\/#website"},"primaryImageOfPage":{"@id":"https:\/\/urban.one\/blog\/mieszkanie-socjalne-podpowiadamy-dla-kogo-i-jakie-kryteria-trzeba-spelnic\/#primaryimage"},"datePublished":"2020-07-23T09:33:59+00:00","dateModified":"2022-06-27T21:35:07+00:00","description":"Osoby najubo\u017csze lub te, kt\u00f3re straci\u0142y dach nad g\u0142ow\u0105, mog\u0105 stara\u0107 si\u0119 o lokal socjalny, czyli tani i o obni\u017conym standardzie. Ch\u0119tnych na tymczasowe zakwaterowanie na \u015bci\u015ble okre\u015blonych warunkach nie brakuje.","breadcrumb":{"@id":"https:\/\/urban.one\/blog\/mieszkanie-socjalne-podpowiadamy-dla-kogo-i-jakie-kryteria-trzeba-spelnic\/#breadcrumb"},"inLanguage":"pl-PL","potentialAction":[{"@type":"ReadAction","target":["https:\/\/urban.one\/blog\/mieszkanie-socjalne-podpowiadamy-dla-kogo-i-jakie-kryteria-trzeba-spelnic\/"]}]},{"@type":"BreadcrumbList","@id":"https:\/\/urban.one\/blog\/mieszkanie-socjalne-podpowiadamy-dla-kogo-i-jakie-kryteria-trzeba-spelnic\/#breadcrumb","itemListElement":[{"@type":"ListItem","position":1,"name":"Strona g\u0142\u00f3wna","item":"\/"},{"@type":"ListItem","position":2,"name":"Blog","item":"https:\/\/urban.one\/blog\/"},{"@type":"ListItem","position":3,"name":"Porady","item":"https:\/\/urban.one\/blog\/category\/porady\/"},{"@type":"ListItem","position":4,"name":"Mieszkanie socjalne. Podpowiadamy, dla kogo i jakie kryteria trzeba spe\u0142ni\u0107"}]},{"@type":"Article","@id":"https:\/\/urban.one\/blog\/mieszkanie-socjalne-podpowiadamy-dla-kogo-i-jakie-kryteria-trzeba-spelnic\/#article","isPartOf":{"@id":"https:\/\/urban.one\/blog\/mieszkanie-socjalne-podpowiadamy-dla-kogo-i-jakie-kryteria-trzeba-spelnic\/#webpage"},"author":{"@id":"https:\/\/urban.one\/blog\/#\/schema\/person\/e5cc6746fa220f6a9ef3af01e4a2c67b"},"headline":"Mieszkanie socjalne. Podpowiadamy, dla kogo i jakie kryteria trzeba spe\u0142ni\u0107","datePublished":"2020-07-23T09:33:59+00:00","dateModified":"2022-06-27T21:35:07+00:00","mainEntityOfPage":{"@id":"https:\/\/urban.one\/blog\/mieszkanie-socjalne-podpowiadamy-dla-kogo-i-jakie-kryteria-trzeba-spelnic\/#webpage"},"wordCount":1195,"commentCount":0,"publisher":{"@id":"https:\/\/urban.one\/blog\/#organization"},"image":{"@id":"https:\/\/urban.one\/blog\/mieszkanie-socjalne-podpowiadamy-dla-kogo-i-jakie-kryteria-trzeba-spelnic\/#primaryimage"},"thumbnailUrl":"https:\/\/urban.one\/blog\/wp-content\/uploads\/2020\/07\/mieszkania-socjalne_new.jpg","articleSection":["Porady"],"inLanguage":"pl-PL","potentialAction":[{"@type":"CommentAction","name":"Comment","target":["https:\/\/urban.one\/blog\/mieszkanie-socjalne-podpowiadamy-dla-kogo-i-jakie-kryteria-trzeba-spelnic\/#respond"]}]},{"@type":"Person","@id":"https:\/\/urban.one\/blog\/#\/schema\/person\/e5cc6746fa220f6a9ef3af01e4a2c67b","name":"Paulina","image":{"@type":"ImageObject","inLanguage":"pl-PL","@id":"https:\/\/urban.one\/blog\/#\/schema\/person\/image\/","url":"https:\/\/secure.gravatar.com\/avatar\/9643f5b925bc3e640d22c645bccfcbbf?s=96&d=mm&r=g","contentUrl":"https:\/\/secure.gravatar.com\/avatar\/9643f5b925bc3e640d22c645bccfcbbf?s=96&d=mm&r=g","caption":"Paulina"},"url":"https:\/\/urban.one\/blog\/author\/paulina-jewko\/"}]}},"_links":{"self":[{"href":"https:\/\/urban.one\/blog\/wp-json\/wp\/v2\/posts\/2998"}],"collection":[{"href":"https:\/\/urban.one\/blog\/wp-json\/wp\/v2\/posts"}],"about":[{"href":"https:\/\/urban.one\/blog\/wp-json\/wp\/v2\/types\/post"}],"author":[{"embeddable":true,"href":"https:\/\/urban.one\/blog\/wp-json\/wp\/v2\/users\/21"}],"replies":[{"embeddable":true,"href":"https:\/\/urban.one\/blog\/wp-json\/wp\/v2\/comments?post=2998"}],"version-history":[{"count":3,"href":"https:\/\/urban.one\/blog\/wp-json\/wp\/v2\/posts\/2998\/revisions"}],"predecessor-version":[{"id":3009,"href":"https:\/\/urban.one\/blog\/wp-json\/wp\/v2\/posts\/2998\/revisions\/3009"}],"wp:featuredmedia":[{"embeddable":true,"href":"https:\/\/urban.one\/blog\/wp-json\/wp\/v2\/media\/3000"}],"wp:attachment":[{"href":"https:\/\/urban.one\/blog\/wp-json\/wp\/v2\/media?parent=2998"}],"wp:term":[{"taxonomy":"category","embeddable":true,"href":"https:\/\/urban.one\/blog\/wp-json\/wp\/v2\/categories?post=2998"},{"taxonomy":"post_tag","embeddable":true,"href":"https:\/\/urban.one\/blog\/wp-json\/wp\/v2\/tags?post=2998"}],"curies":[{"name":"wp","href":"https:\/\/api.w.org\/{rel}","templated":true}]}}